[{"@context":"https:\/\/schema.org\/","@type":"Article","@id":"https:\/\/www.jameslh.sk\/co-znamena-rodina\/#Article","mainEntityOfPage":"https:\/\/www.jameslh.sk\/co-znamena-rodina\/","headline":"\u010co znamen\u00e1 rodina","name":"\u010co znamen\u00e1 rodina","description":"V\u017edy, ke\u010f mysl\u00edm na to, \u010do by some\u0161te mohla na svojom domove vylep\u0161i\u0165, mysl\u00edm na [&hellip;]","datePublished":"2018-03-16","dateModified":"2023-04-28","author":{"@type":"Person","@id":"https:\/\/www.jameslh.sk\/author\/#Person","name":"","url":"https:\/\/www.jameslh.sk\/author\/","identifier":1,"image":{"@type":"ImageObject","@id":"https:\/\/secure.gravatar.com\/avatar\/e32c915fa5b274a4469e3ef5c1f9837e76577a60613858c5c8a74a3de98e33bc?s=96&d=mm&r=g","url":"https:\/\/secure.gravatar.com\/avatar\/e32c915fa5b274a4469e3ef5c1f9837e76577a60613858c5c8a74a3de98e33bc?s=96&d=mm&r=g","height":96,"width":96}},"publisher":{"@type":"Organization","name":"jameslh.sk","logo":{"@type":"ImageObject","@id":"\/logo.png","url":"\/logo.png","width":600,"height":60}},"image":{"@type":"ImageObject","@id":"https:\/\/www.jameslh.sk\/wp-content\/uploads\/img_a287923_w16513_t1526456757.jpg","url":"https:\/\/www.jameslh.sk\/wp-content\/uploads\/img_a287923_w16513_t1526456757.jpg","height":0,"width":0},"url":"https:\/\/www.jameslh.sk\/co-znamena-rodina\/","wordCount":406,"articleBody":"        V\u017edy, ke\u010f mysl\u00edm na to, \u010do by some\u0161te mohla na svojom domove vylep\u0161i\u0165, mysl\u00edm na nie\u010do praktick\u00e9. Na nie\u010do, \u010do by vylep\u0161ilo v\u0161etko, \u010do okolo n\u00e1s je, ale aj to, aby to malo praktick\u00fd v\u00fdznam. Verte tomu, \u017ee v\u0161etko, \u010do je pre v\u00e1s d\u00f4le\u017eit\u00e9 je to, aby to malo tento dvojit\u00fd v\u00fdznam. Viem, \u017ee som mo\u017eno trochu n\u00e1ro\u010dn\u00e1, ale aj tak si mysl\u00edm, \u017ee som mohla chcie\u0165 aj viac. Nie som zase a\u017e tak\u00e1, ako by som mohla by\u0165. Preto, ke\u010f som za\u010dala myslie\u0165 na to, \u010do by som mohla e\u0161te urobi\u0165, nevyhnutne som musela myslie\u0165 na nie\u010do praktick\u00e9. A chcete vedie\u0165, na \u010do som pri\u0161la?Za\u010dala som myslie\u0165 na to,\u017ee skuto\u010dne najlep\u0161ie bude, ke\u010f vylep\u0161\u00edm na\u0161u dom\u00e1cnos\u0165 nie\u010d\u00edm, \u010do bude pre n\u00e1s bezpe\u010dn\u00e9, no na druhej strane to bude nie\u010do, \u010do bude vyzera\u0165 neuverite\u013ene dobre. A mo\u017eno pre nikoho to nebude \u017eiadnym prekvapen\u00edm, \u017ee som vybrala nerezove zabradlie. \u010co sa t\u00fdka materi\u00e1lu, skuto\u010dne nepozn\u00e1m ni\u010d, s \u010d\u00edm by sa a\u017e tak dobre pracovalo. V\u017edy som si dala z\u00e1le\u017ea\u0165 na tom, aby malo v\u0161etko jednotn\u00fd charakter, ale aby sa to aj dobre udr\u017eiavalo. A mysl\u00edm si, \u017ee pr\u00e1ve toto je nie\u010do, \u010do ma naozaj bav\u00ed.Chcela som, aby to pre n\u00e1s v\u017edy predstavovalo nie\u010do viac. Ke\u010f to bude pri schodoch alebo ako ochrana pred p\u00e1dom zo schodov, m\u00f4\u017eem si predstavova\u0165, ako tam na Vianoce zaves\u00edm girlandu. Alebo ako tade bude sch\u00e1dza\u0165 moja dc\u00e9ra, ke\u010f sa bude vyd\u00e1va\u0165 a bude sa chysta\u0165 na odobierku. Je to jednoducho nie\u010do, \u010do pre n\u00e1s m\u00f4\u017ee by\u0165 pr\u00ednosn\u00e9 a \u010do m\u00f4\u017ee by\u0165 skuto\u010dne perfektn\u00e9. Chcela by som, aby sa aj t\u00e1to drobnos\u0165 stala symbolom n\u00e1\u0161ho domova. Bude to nie\u010do, \u010do bude skuto\u010dne perfekn\u00e9. A viem, \u017ee ak to niekto ocen\u00ed, tak to bude ur\u010dite moja rodina. Preto\u017ee aj ke\u010f \u010dasto na v\u0161etko \u0161omr\u00fa, existuj\u00fa veci, na ktor\u00e9 nedaj\u00fa dopusti\u0165. A toto s\u00fa ur\u010dite ony. Mo\u017eno sa pr\u00e1ve tak\u00e1to jednoduch\u00e1 vec stane symbolom na\u0161ej rodiny. Mysl\u00edm si, \u017ee je to naozaj pekn\u00e9.                                                                                                                                                                                                                                                                                                                                                                                          4.6\/5 - (5 votes)        "},{"@context":"https:\/\/schema.org\/","@type":"BreadcrumbList","itemListElement":[{"@type":"ListItem","position":1,"name":"\u010co znamen\u00e1 rodina","item":"https:\/\/www.jameslh.sk\/co-znamena-rodina\/#breadcrumbitem"}]}]