[{"@context":"https:\/\/schema.org\/","@type":"Article","@id":"https:\/\/www.jameslh.sk\/moda-sa-stale-vracia\/#Article","mainEntityOfPage":"https:\/\/www.jameslh.sk\/moda-sa-stale-vracia\/","headline":"M\u00f3da sa st\u00e1le vracia","name":"M\u00f3da sa st\u00e1le vracia","description":"Takmer v\u0161etko na \u010do si len vieme pomyslie\u0165 tu u\u017e raz bolo, geometrick\u00e9 tvary, pastelov\u00e9 [&hellip;]","datePublished":"2019-03-29","dateModified":"2023-04-28","author":{"@type":"Person","@id":"https:\/\/www.jameslh.sk\/author\/#Person","name":"","url":"https:\/\/www.jameslh.sk\/author\/","identifier":1,"image":{"@type":"ImageObject","@id":"https:\/\/secure.gravatar.com\/avatar\/e32c915fa5b274a4469e3ef5c1f9837e76577a60613858c5c8a74a3de98e33bc?s=96&d=mm&r=g","url":"https:\/\/secure.gravatar.com\/avatar\/e32c915fa5b274a4469e3ef5c1f9837e76577a60613858c5c8a74a3de98e33bc?s=96&d=mm&r=g","height":96,"width":96}},"publisher":{"@type":"Organization","name":"jameslh.sk","logo":{"@type":"ImageObject","@id":"\/logo.png","url":"\/logo.png","width":600,"height":60}},"image":{"@type":"ImageObject","@id":"https:\/\/www.jameslh.sk\/wp-content\/uploads\/img_a301680_w16766_t1559120784.jpg","url":"https:\/\/www.jameslh.sk\/wp-content\/uploads\/img_a301680_w16766_t1559120784.jpg","height":0,"width":0},"url":"https:\/\/www.jameslh.sk\/moda-sa-stale-vracia\/","wordCount":408,"articleBody":"Takmer v\u0161etko na \u010do si len vieme pomyslie\u0165 tu u\u017e raz bolo, geometrick\u00e9 tvary, pastelov\u00e9 farby, ko\u017e\u00fa\u0161ky, vintage top\u00e1nky, \u0161irok\u00e9 d\u017e\u00ednsy&#8230;je toho omnoho viac. M\u00f3da sa neust\u00e1le to\u010d\u00ed ako na koloto\u010di. Pre\u010do je to tak? Mysl\u00edm si, \u017ee oble\u010denie kedysi bolo nie len ove\u013ea kraj\u0161ie, prepacovanej\u0161ie a\u00a0\u0161t\u00fdlovej\u0161ie, ale aj ove\u013ea viac kvalitnej\u0161ie. Je to jednoducho tak \u2013 niekedy i\u0161li viac o\u00a0kvalitu, ako o\u00a0kvantitu, to sa v\u0161ak u\u017e o\u00a0dne\u0161nom svete tak sebavedomo prehl\u00e1si\u0165 ned\u00e1. M\u00f3da sa neust\u00e1le vracia a\u00a0k\u00fasky sa vracaj\u00fa v\u00a0podobe vintage, ktor\u00fd je dnes tak\u00fd ve\u013emi popul\u00e1rny, \u00e1no presne tak, aj mlad\u00ed u\u017e d\u00e1vno pochopili, \u017ee niekdaj\u0161ia m\u00f3da st\u00e1la za ove\u013ea viac, ako t\u00e1 dne\u0161n\u00e1 novodob\u00e1.To, \u017ee sa oble\u010denie neust\u00e1le vracia teda nie je len tak, pre ni\u010d za ni\u010d. V\u00e4\u010d\u0161ina m\u00f3dnych trendov, ktor\u00fd v\u0161ak nikdy nevyjd\u00fa z\u00a0m\u00f3dy u\u017e bolo d\u00e1vno vymyslen\u00fdch. Ide o\u00a0klasick\u00e9, star\u00e9 a\u00a0dobr\u00e9 k\u00fasky, ktor\u00e9 jednoducho nepoznaj\u00fa \u010das.\u010ci u\u017e ide o\u00a0kabelky, ko\u017euchy, top\u00e1nky, doplnky, sukne, \u0161aty, d\u017e\u00ednsy, podkolienky, \u00e1-\u010dov\u00e9 sukne, top\u00e1nky na platforme, alebo rebrovan\u00e9 rol\u00e1ky, v\u00a0doplnen\u00ed s\u00a0pestr\u00fdmi a\u00a0\u017eiariv\u00fdmi farbami. Predve\u010fme si teda p\u00e1r z\u00a0nich:\t\tTop\u00e1nky na platforme \u2013 osobne m\u00e1m tento k\u00fasok ve\u013emi rada a\u00a0o\u00a0sa t\u00fdka top\u00e1nok na vysokom podp\u00e4tku, in\u00e9 ani nenos\u00edm, dokonca aj pri mojich ob\u013e\u00faben\u00fdch tenisk\u00e1ch vyh\u013ead\u00e1vam sk\u00f4r tak\u00e9 ktor\u00e9 maj\u00fa vy\u0161\u0161iu platformu. Ned\u00e1m na ne dopusti\u0165, chod\u00ed sa mi v\u00a0nich ove\u013ea lep\u0161ie ako v\u00a0top\u00e1nkach s\u00a0n\u00edzkou podr\u00e1\u017ekou.\t\tSuk\u0148a sem, suk\u0148a tam \u2013sukne s\u00fa k\u00faskom, ktor\u00fd bude nav\u017edy modern\u00fd, ak\u00e9ko\u013evek strihy a\u00a0ak\u00e9ko\u013evek d\u013a\u017eky, farby s\u00fa tie\u017e v\u0161emo\u017ene povolen\u00e9. K\u00e1rovan\u00e9 \u201e\u0161kolsk\u00e9\u201c sukne, alebo sukne s\u00a0ak\u00fdmko\u013evek geometrick\u00fdm tvarom vedia v\u017edy \u00fa\u010dinne zachr\u00e1ni\u0165 \u201enem\u00e1m si \u010do obliec\u0165\u201c situ\u00e1ciu.\t\tKabelky \u2013\u010d\u00edm men\u0161ie, t\u00fdm viac retro. Ve\u013ek\u00e9 kabelky s\u00fa v\u00fdstrelkom novej doby, kedysi sa tak\u00e9 moc nenosili. Mal\u00e9 kabelky s\u00fa praktick\u00e9 a\u00a0\u0161ikovn\u00e9, samozrejme, ak nejdete na dovolenku a\u00a0potrebujete si do nej zbali\u0165 ve\u013ea vec\u00ed.                                                                                                                                                                                                                                                                                                                                                                                        4.7\/5 - (6 votes)        "},{"@context":"https:\/\/schema.org\/","@type":"BreadcrumbList","itemListElement":[{"@type":"ListItem","position":1,"name":"M\u00f3da sa st\u00e1le vracia","item":"https:\/\/www.jameslh.sk\/moda-sa-stale-vracia\/#breadcrumbitem"}]}]